{"id":402,"date":"2019-11-25T12:29:56","date_gmt":"2019-11-25T11:29:56","guid":{"rendered":"https:\/\/www.aircluster.org\/es\/?p=402"},"modified":"2023-12-18T18:18:49","modified_gmt":"2023-12-18T17:18:49","slug":"primera-version-de-air-cluster","status":"publish","type":"post","link":"https:\/\/www.aircluster.org\/es\/blog\/2019\/11\/25\/primera-version-de-air-cluster\/","title":{"rendered":"Primera versi\u00f3n de Air Cluster"},"content":{"rendered":"\n<p><a href=\"https:\/\/www.aircluster.org\/es\/pro-version\/\">Air Cluster<\/a> es un nuevo programa que suma tus nubes y crea una \u00fanica nube. El programa gestiona las cuentas y va distribuyendo los archivos para aprovechar todo el espacio del cluster.<\/p>\n\n\n\n<p>La funci\u00f3n de sincronizaci\u00f3n de Air Cluster es muy \u00fatil para llevar a cabo las copias de seguridad y la funci\u00f3n de encriptar aumenta la seguridad y privacidad de tus archivos.<\/p>\n\n\n\n<p>La busqueda centralizada que tambi\u00e9n incluye Air Cluster permite hacer una busqueda r\u00e1pida de archivos y  facilita la busqueda en todo el cluster.<\/p>\n","protected":false},"excerpt":{"rendered":"<p>Air Cluster es un nuevo programa que suma tus nubes y crea una \u00fanica nube. El programa gestiona las cuentas y va distribuyendo los archivos para aprovechar todo el espacio del cluster. La funci\u00f3n de sincronizaci\u00f3n de Air Cluster es muy \u00fatil para llevar a cabo las copias de seguridad y la funci\u00f3n de encriptar&nbsp;&hellip;<\/p>\n","protected":false},"author":1,"featured_media":413,"comment_status":"open","ping_status":"open","sticky":false,"template":"","format":"standard","meta":{"footnotes":""},"categories":[4],"tags":[5],"class_list":["post-402","post","type-post","status-publish","format-standard","has-post-thumbnail","hentry","category-version","tag-primera-version"],"yoast_head":"<!-- This site is optimized with the Yoast SEO plugin v27.4 - https:\/\/yoast.com\/product\/yoast-seo-wordpress\/ -->\n<title>Primera versi\u00f3n de Air Cluster<\/title>\n<meta name=\"description\" content=\"Air Cluster es un nuevo programa que suma tus nubes y crea una \u00fanica nube. El programa gestiona las cuentas y va distribuyendo los archivos para aprovechar todo el espacio del cluster.\" \/>\n<meta name=\"robots\" content=\"index, follow, max-snippet:-1, max-image-preview:large, max-video-preview:-1\" \/>\n<link rel=\"canonical\" href=\"https:\/\/www.aircluster.org\/es\/blog\/2019\/11\/25\/primera-version-de-air-cluster\/\" \/>\n<meta property=\"og:locale\" content=\"es_ES\" \/>\n<meta property=\"og:type\" content=\"article\" \/>\n<meta property=\"og:title\" content=\"Primera versi\u00f3n de Air Cluster\" \/>\n<meta property=\"og:description\" content=\"Air Cluster es un nuevo programa que suma tus nubes y crea una \u00fanica nube. El programa gestiona las cuentas y va distribuyendo los archivos para aprovechar todo el espacio del cluster.\" \/>\n<meta property=\"og:url\" content=\"https:\/\/www.aircluster.org\/es\/blog\/2019\/11\/25\/primera-version-de-air-cluster\/\" \/>\n<meta property=\"og:site_name\" content=\"Air Cluster\" \/>\n<meta property=\"article:publisher\" content=\"https:\/\/www.facebook.com\/aircluster\" \/>\n<meta property=\"article:published_time\" content=\"2019-11-25T11:29:56+00:00\" \/>\n<meta property=\"article:modified_time\" content=\"2023-12-18T17:18:49+00:00\" \/>\n<meta property=\"og:image\" content=\"https:\/\/www.aircluster.org\/es\/wp-content\/uploads\/sites\/3\/2019\/11\/2.png\" \/>\n\t<meta property=\"og:image:width\" content=\"940\" \/>\n\t<meta property=\"og:image:height\" content=\"788\" \/>\n\t<meta property=\"og:image:type\" content=\"image\/png\" \/>\n<meta name=\"author\" content=\"Air Cluster\" \/>\n<meta name=\"twitter:card\" content=\"summary_large_image\" \/>\n<meta name=\"twitter:label1\" content=\"Escrito por\" \/>\n\t<meta name=\"twitter:data1\" content=\"Air Cluster\" \/>\n\t<meta name=\"twitter:label2\" content=\"Tiempo de lectura\" \/>\n\t<meta name=\"twitter:data2\" content=\"1 minuto\" \/>\n<script type=\"application\/ld+json\" class=\"yoast-schema-graph\">{\"@context\":\"https:\\\/\\\/schema.org\",\"@graph\":[{\"@type\":\"Article\",\"@id\":\"https:\\\/\\\/www.aircluster.org\\\/es\\\/blog\\\/2019\\\/11\\\/25\\\/primera-version-de-air-cluster\\\/#article\",\"isPartOf\":{\"@id\":\"https:\\\/\\\/www.aircluster.org\\\/es\\\/blog\\\/2019\\\/11\\\/25\\\/primera-version-de-air-cluster\\\/\"},\"author\":{\"name\":\"Air Cluster\",\"@id\":\"https:\\\/\\\/www.aircluster.org\\\/es\\\/#\\\/schema\\\/person\\\/42f0b8c5ea8d2366b3906bb0fe72a39d\"},\"headline\":\"Primera versi\u00f3n de Air Cluster\",\"datePublished\":\"2019-11-25T11:29:56+00:00\",\"dateModified\":\"2023-12-18T17:18:49+00:00\",\"mainEntityOfPage\":{\"@id\":\"https:\\\/\\\/www.aircluster.org\\\/es\\\/blog\\\/2019\\\/11\\\/25\\\/primera-version-de-air-cluster\\\/\"},\"wordCount\":97,\"commentCount\":0,\"publisher\":{\"@id\":\"https:\\\/\\\/www.aircluster.org\\\/es\\\/#organization\"},\"image\":{\"@id\":\"https:\\\/\\\/www.aircluster.org\\\/es\\\/blog\\\/2019\\\/11\\\/25\\\/primera-version-de-air-cluster\\\/#primaryimage\"},\"thumbnailUrl\":\"https:\\\/\\\/www.aircluster.org\\\/es\\\/wp-content\\\/uploads\\\/sites\\\/3\\\/2019\\\/11\\\/2.png\",\"keywords\":[\"primera versi\u00f3n\"],\"articleSection\":[\"versi\u00f3n\"],\"inLanguage\":\"es\",\"potentialAction\":[{\"@type\":\"CommentAction\",\"name\":\"Comment\",\"target\":[\"https:\\\/\\\/www.aircluster.org\\\/es\\\/blog\\\/2019\\\/11\\\/25\\\/primera-version-de-air-cluster\\\/#respond\"]}]},{\"@type\":\"WebPage\",\"@id\":\"https:\\\/\\\/www.aircluster.org\\\/es\\\/blog\\\/2019\\\/11\\\/25\\\/primera-version-de-air-cluster\\\/\",\"url\":\"https:\\\/\\\/www.aircluster.org\\\/es\\\/blog\\\/2019\\\/11\\\/25\\\/primera-version-de-air-cluster\\\/\",\"name\":\"Primera versi\u00f3n de Air Cluster\",\"isPartOf\":{\"@id\":\"https:\\\/\\\/www.aircluster.org\\\/es\\\/#website\"},\"primaryImageOfPage\":{\"@id\":\"https:\\\/\\\/www.aircluster.org\\\/es\\\/blog\\\/2019\\\/11\\\/25\\\/primera-version-de-air-cluster\\\/#primaryimage\"},\"image\":{\"@id\":\"https:\\\/\\\/www.aircluster.org\\\/es\\\/blog\\\/2019\\\/11\\\/25\\\/primera-version-de-air-cluster\\\/#primaryimage\"},\"thumbnailUrl\":\"https:\\\/\\\/www.aircluster.org\\\/es\\\/wp-content\\\/uploads\\\/sites\\\/3\\\/2019\\\/11\\\/2.png\",\"datePublished\":\"2019-11-25T11:29:56+00:00\",\"dateModified\":\"2023-12-18T17:18:49+00:00\",\"description\":\"Air Cluster es un nuevo programa que suma tus nubes y crea una \u00fanica nube. El programa gestiona las cuentas y va distribuyendo los archivos para aprovechar todo el espacio del cluster.\",\"breadcrumb\":{\"@id\":\"https:\\\/\\\/www.aircluster.org\\\/es\\\/blog\\\/2019\\\/11\\\/25\\\/primera-version-de-air-cluster\\\/#breadcrumb\"},\"inLanguage\":\"es\",\"potentialAction\":[{\"@type\":\"ReadAction\",\"target\":[\"https:\\\/\\\/www.aircluster.org\\\/es\\\/blog\\\/2019\\\/11\\\/25\\\/primera-version-de-air-cluster\\\/\"]}]},{\"@type\":\"ImageObject\",\"inLanguage\":\"es\",\"@id\":\"https:\\\/\\\/www.aircluster.org\\\/es\\\/blog\\\/2019\\\/11\\\/25\\\/primera-version-de-air-cluster\\\/#primaryimage\",\"url\":\"https:\\\/\\\/www.aircluster.org\\\/es\\\/wp-content\\\/uploads\\\/sites\\\/3\\\/2019\\\/11\\\/2.png\",\"contentUrl\":\"https:\\\/\\\/www.aircluster.org\\\/es\\\/wp-content\\\/uploads\\\/sites\\\/3\\\/2019\\\/11\\\/2.png\",\"width\":940,\"height\":788},{\"@type\":\"BreadcrumbList\",\"@id\":\"https:\\\/\\\/www.aircluster.org\\\/es\\\/blog\\\/2019\\\/11\\\/25\\\/primera-version-de-air-cluster\\\/#breadcrumb\",\"itemListElement\":[{\"@type\":\"ListItem\",\"position\":1,\"name\":\"Portada\",\"item\":\"https:\\\/\\\/www.aircluster.org\\\/es\\\/\"},{\"@type\":\"ListItem\",\"position\":2,\"name\":\"Primera versi\u00f3n de Air Cluster\"}]},{\"@type\":\"WebSite\",\"@id\":\"https:\\\/\\\/www.aircluster.org\\\/es\\\/#website\",\"url\":\"https:\\\/\\\/www.aircluster.org\\\/es\\\/\",\"name\":\"Air Cluster\",\"description\":\"Suma todas tus nubes y crea una \u00fanica nube\",\"publisher\":{\"@id\":\"https:\\\/\\\/www.aircluster.org\\\/es\\\/#organization\"},\"potentialAction\":[{\"@type\":\"SearchAction\",\"target\":{\"@type\":\"EntryPoint\",\"urlTemplate\":\"https:\\\/\\\/www.aircluster.org\\\/es\\\/?s={search_term_string}\"},\"query-input\":{\"@type\":\"PropertyValueSpecification\",\"valueRequired\":true,\"valueName\":\"search_term_string\"}}],\"inLanguage\":\"es\"},{\"@type\":\"Organization\",\"@id\":\"https:\\\/\\\/www.aircluster.org\\\/es\\\/#organization\",\"name\":\"Air Cluster\",\"url\":\"https:\\\/\\\/www.aircluster.org\\\/es\\\/\",\"logo\":{\"@type\":\"ImageObject\",\"inLanguage\":\"es\",\"@id\":\"https:\\\/\\\/www.aircluster.org\\\/es\\\/#\\\/schema\\\/logo\\\/image\\\/\",\"url\":\"https:\\\/\\\/www.aircluster.org\\\/es\\\/wp-content\\\/uploads\\\/sites\\\/3\\\/2019\\\/10\\\/cropped-aircluster_logo512.png\",\"contentUrl\":\"https:\\\/\\\/www.aircluster.org\\\/es\\\/wp-content\\\/uploads\\\/sites\\\/3\\\/2019\\\/10\\\/cropped-aircluster_logo512.png\",\"width\":512,\"height\":512,\"caption\":\"Air Cluster\"},\"image\":{\"@id\":\"https:\\\/\\\/www.aircluster.org\\\/es\\\/#\\\/schema\\\/logo\\\/image\\\/\"},\"sameAs\":[\"https:\\\/\\\/www.facebook.com\\\/aircluster\"]},{\"@type\":\"Person\",\"@id\":\"https:\\\/\\\/www.aircluster.org\\\/es\\\/#\\\/schema\\\/person\\\/42f0b8c5ea8d2366b3906bb0fe72a39d\",\"name\":\"Air Cluster\",\"image\":{\"@type\":\"ImageObject\",\"inLanguage\":\"es\",\"@id\":\"https:\\\/\\\/secure.gravatar.com\\\/avatar\\\/957b22b0e9aabbb092aba55966fc90773a61e7b79b05f663a06c2e8f7d7e4315?s=96&d=mm&r=g\",\"url\":\"https:\\\/\\\/secure.gravatar.com\\\/avatar\\\/957b22b0e9aabbb092aba55966fc90773a61e7b79b05f663a06c2e8f7d7e4315?s=96&d=mm&r=g\",\"contentUrl\":\"https:\\\/\\\/secure.gravatar.com\\\/avatar\\\/957b22b0e9aabbb092aba55966fc90773a61e7b79b05f663a06c2e8f7d7e4315?s=96&d=mm&r=g\",\"caption\":\"Air Cluster\"}}]}<\/script>\n<!-- \/ Yoast SEO plugin. -->","yoast_head_json":{"title":"Primera versi\u00f3n de Air Cluster","description":"Air Cluster es un nuevo programa que suma tus nubes y crea una \u00fanica nube. El programa gestiona las cuentas y va distribuyendo los archivos para aprovechar todo el espacio del cluster.","robots":{"index":"index","follow":"follow","max-snippet":"max-snippet:-1","max-image-preview":"max-image-preview:large","max-video-preview":"max-video-preview:-1"},"canonical":"https:\/\/www.aircluster.org\/es\/blog\/2019\/11\/25\/primera-version-de-air-cluster\/","og_locale":"es_ES","og_type":"article","og_title":"Primera versi\u00f3n de Air Cluster","og_description":"Air Cluster es un nuevo programa que suma tus nubes y crea una \u00fanica nube. El programa gestiona las cuentas y va distribuyendo los archivos para aprovechar todo el espacio del cluster.","og_url":"https:\/\/www.aircluster.org\/es\/blog\/2019\/11\/25\/primera-version-de-air-cluster\/","og_site_name":"Air Cluster","article_publisher":"https:\/\/www.facebook.com\/aircluster","article_published_time":"2019-11-25T11:29:56+00:00","article_modified_time":"2023-12-18T17:18:49+00:00","og_image":[{"width":940,"height":788,"url":"https:\/\/www.aircluster.org\/es\/wp-content\/uploads\/sites\/3\/2019\/11\/2.png","type":"image\/png"}],"author":"Air Cluster","twitter_card":"summary_large_image","twitter_misc":{"Escrito por":"Air Cluster","Tiempo de lectura":"1 minuto"},"schema":{"@context":"https:\/\/schema.org","@graph":[{"@type":"Article","@id":"https:\/\/www.aircluster.org\/es\/blog\/2019\/11\/25\/primera-version-de-air-cluster\/#article","isPartOf":{"@id":"https:\/\/www.aircluster.org\/es\/blog\/2019\/11\/25\/primera-version-de-air-cluster\/"},"author":{"name":"Air Cluster","@id":"https:\/\/www.aircluster.org\/es\/#\/schema\/person\/42f0b8c5ea8d2366b3906bb0fe72a39d"},"headline":"Primera versi\u00f3n de Air Cluster","datePublished":"2019-11-25T11:29:56+00:00","dateModified":"2023-12-18T17:18:49+00:00","mainEntityOfPage":{"@id":"https:\/\/www.aircluster.org\/es\/blog\/2019\/11\/25\/primera-version-de-air-cluster\/"},"wordCount":97,"commentCount":0,"publisher":{"@id":"https:\/\/www.aircluster.org\/es\/#organization"},"image":{"@id":"https:\/\/www.aircluster.org\/es\/blog\/2019\/11\/25\/primera-version-de-air-cluster\/#primaryimage"},"thumbnailUrl":"https:\/\/www.aircluster.org\/es\/wp-content\/uploads\/sites\/3\/2019\/11\/2.png","keywords":["primera versi\u00f3n"],"articleSection":["versi\u00f3n"],"inLanguage":"es","potentialAction":[{"@type":"CommentAction","name":"Comment","target":["https:\/\/www.aircluster.org\/es\/blog\/2019\/11\/25\/primera-version-de-air-cluster\/#respond"]}]},{"@type":"WebPage","@id":"https:\/\/www.aircluster.org\/es\/blog\/2019\/11\/25\/primera-version-de-air-cluster\/","url":"https:\/\/www.aircluster.org\/es\/blog\/2019\/11\/25\/primera-version-de-air-cluster\/","name":"Primera versi\u00f3n de Air Cluster","isPartOf":{"@id":"https:\/\/www.aircluster.org\/es\/#website"},"primaryImageOfPage":{"@id":"https:\/\/www.aircluster.org\/es\/blog\/2019\/11\/25\/primera-version-de-air-cluster\/#primaryimage"},"image":{"@id":"https:\/\/www.aircluster.org\/es\/blog\/2019\/11\/25\/primera-version-de-air-cluster\/#primaryimage"},"thumbnailUrl":"https:\/\/www.aircluster.org\/es\/wp-content\/uploads\/sites\/3\/2019\/11\/2.png","datePublished":"2019-11-25T11:29:56+00:00","dateModified":"2023-12-18T17:18:49+00:00","description":"Air Cluster es un nuevo programa que suma tus nubes y crea una \u00fanica nube. El programa gestiona las cuentas y va distribuyendo los archivos para aprovechar todo el espacio del cluster.","breadcrumb":{"@id":"https:\/\/www.aircluster.org\/es\/blog\/2019\/11\/25\/primera-version-de-air-cluster\/#breadcrumb"},"inLanguage":"es","potentialAction":[{"@type":"ReadAction","target":["https:\/\/www.aircluster.org\/es\/blog\/2019\/11\/25\/primera-version-de-air-cluster\/"]}]},{"@type":"ImageObject","inLanguage":"es","@id":"https:\/\/www.aircluster.org\/es\/blog\/2019\/11\/25\/primera-version-de-air-cluster\/#primaryimage","url":"https:\/\/www.aircluster.org\/es\/wp-content\/uploads\/sites\/3\/2019\/11\/2.png","contentUrl":"https:\/\/www.aircluster.org\/es\/wp-content\/uploads\/sites\/3\/2019\/11\/2.png","width":940,"height":788},{"@type":"BreadcrumbList","@id":"https:\/\/www.aircluster.org\/es\/blog\/2019\/11\/25\/primera-version-de-air-cluster\/#breadcrumb","itemListElement":[{"@type":"ListItem","position":1,"name":"Portada","item":"https:\/\/www.aircluster.org\/es\/"},{"@type":"ListItem","position":2,"name":"Primera versi\u00f3n de Air Cluster"}]},{"@type":"WebSite","@id":"https:\/\/www.aircluster.org\/es\/#website","url":"https:\/\/www.aircluster.org\/es\/","name":"Air Cluster","description":"Suma todas tus nubes y crea una \u00fanica nube","publisher":{"@id":"https:\/\/www.aircluster.org\/es\/#organization"},"potentialAction":[{"@type":"SearchAction","target":{"@type":"EntryPoint","urlTemplate":"https:\/\/www.aircluster.org\/es\/?s={search_term_string}"},"query-input":{"@type":"PropertyValueSpecification","valueRequired":true,"valueName":"search_term_string"}}],"inLanguage":"es"},{"@type":"Organization","@id":"https:\/\/www.aircluster.org\/es\/#organization","name":"Air Cluster","url":"https:\/\/www.aircluster.org\/es\/","logo":{"@type":"ImageObject","inLanguage":"es","@id":"https:\/\/www.aircluster.org\/es\/#\/schema\/logo\/image\/","url":"https:\/\/www.aircluster.org\/es\/wp-content\/uploads\/sites\/3\/2019\/10\/cropped-aircluster_logo512.png","contentUrl":"https:\/\/www.aircluster.org\/es\/wp-content\/uploads\/sites\/3\/2019\/10\/cropped-aircluster_logo512.png","width":512,"height":512,"caption":"Air Cluster"},"image":{"@id":"https:\/\/www.aircluster.org\/es\/#\/schema\/logo\/image\/"},"sameAs":["https:\/\/www.facebook.com\/aircluster"]},{"@type":"Person","@id":"https:\/\/www.aircluster.org\/es\/#\/schema\/person\/42f0b8c5ea8d2366b3906bb0fe72a39d","name":"Air Cluster","image":{"@type":"ImageObject","inLanguage":"es","@id":"https:\/\/secure.gravatar.com\/avatar\/957b22b0e9aabbb092aba55966fc90773a61e7b79b05f663a06c2e8f7d7e4315?s=96&d=mm&r=g","url":"https:\/\/secure.gravatar.com\/avatar\/957b22b0e9aabbb092aba55966fc90773a61e7b79b05f663a06c2e8f7d7e4315?s=96&d=mm&r=g","contentUrl":"https:\/\/secure.gravatar.com\/avatar\/957b22b0e9aabbb092aba55966fc90773a61e7b79b05f663a06c2e8f7d7e4315?s=96&d=mm&r=g","caption":"Air Cluster"}}]}},"_links":{"self":[{"href":"https:\/\/www.aircluster.org\/es\/wp-json\/wp\/v2\/posts\/402","targetHints":{"allow":["GET"]}}],"collection":[{"href":"https:\/\/www.aircluster.org\/es\/wp-json\/wp\/v2\/posts"}],"about":[{"href":"https:\/\/www.aircluster.org\/es\/wp-json\/wp\/v2\/types\/post"}],"author":[{"embeddable":true,"href":"https:\/\/www.aircluster.org\/es\/wp-json\/wp\/v2\/users\/1"}],"replies":[{"embeddable":true,"href":"https:\/\/www.aircluster.org\/es\/wp-json\/wp\/v2\/comments?post=402"}],"version-history":[{"count":9,"href":"https:\/\/www.aircluster.org\/es\/wp-json\/wp\/v2\/posts\/402\/revisions"}],"predecessor-version":[{"id":1507,"href":"https:\/\/www.aircluster.org\/es\/wp-json\/wp\/v2\/posts\/402\/revisions\/1507"}],"wp:featuredmedia":[{"embeddable":true,"href":"https:\/\/www.aircluster.org\/es\/wp-json\/wp\/v2\/media\/413"}],"wp:attachment":[{"href":"https:\/\/www.aircluster.org\/es\/wp-json\/wp\/v2\/media?parent=402"}],"wp:term":[{"taxonomy":"category","embeddable":true,"href":"https:\/\/www.aircluster.org\/es\/wp-json\/wp\/v2\/categories?post=402"},{"taxonomy":"post_tag","embeddable":true,"href":"https:\/\/www.aircluster.org\/es\/wp-json\/wp\/v2\/tags?post=402"}],"curies":[{"name":"wp","href":"https:\/\/api.w.org\/{rel}","templated":true}]}}