{"id":1797,"date":"2025-01-15T12:47:29","date_gmt":"2025-01-15T11:47:29","guid":{"rendered":"https:\/\/www.aircluster.org\/es\/?p=1797"},"modified":"2025-03-14T13:12:44","modified_gmt":"2025-03-14T12:12:44","slug":"almacena-tus-fotos-en-la-nube","status":"publish","type":"post","link":"https:\/\/www.aircluster.org\/es\/blog\/2025\/01\/15\/almacena-tus-fotos-en-la-nube\/","title":{"rendered":"Almacena tus fotos en la nube"},"content":{"rendered":"\n<p>Almacenar fotos en la nube se ha convertido en una soluci\u00f3n fundamental en nuestra era digital, ya que ofrece una serie de beneficios clave que responden a las necesidades como:<\/p>\n\n\n\n<ul class=\"wp-block-list has-black-color has-text-color has-link-color wp-elements-b4e9644f23889d9b6fc1d1c82b3d6ff1\">\n<li><strong>Acceso desde cualquier lugar<\/strong>: Almacenar fotos en la nube puedes acceder a tus fotos desde cualquier dispositivo con conexi\u00f3n a internet, sin importar donde est\u00e9s.<\/li>\n\n\n\n<li><strong>Seguridad y respaldo<\/strong>: Las fotos almacenadas en la nube est\u00e1n protegidas contra la p\u00e9rdida de datos por fallos de hardware o accidentes con tus dispositivos. <\/li>\n\n\n\n<li><strong>Ahorro de espacio<\/strong>: Guardar tus fotos en la nube libera espacio en tu dispositivo, permiti\u00e9ndote almacenar m\u00e1s aplicaciones, videos o archivos.<\/li>\n\n\n\n<li><strong>F\u00e1cil compartir<\/strong>: Compartir tus fotos es muy sencillo si tienes las fotos almacenadas en la nube. Solo necesitas un enlace y puedes enviarlo por correo electr\u00f3nico, redes sociales o aplicaciones de mensajer\u00eda.<\/li>\n\n\n\n<li><strong>Organizaci\u00f3n<\/strong>: Puedes gestionar en la nube tus fotos organiz\u00e1ndolas en carpetas para que sea m\u00e1s f\u00e1cil dar con ellas y usar las herramientas de b\u00fasqueda para buscar tus fotos.<\/li>\n<\/ul>\n\n\n\n<figure class=\"wp-block-image size-full\"><img fetchpriority=\"high\" decoding=\"async\" width=\"750\" height=\"256\" src=\"https:\/\/www.aircluster.org\/es\/wp-content\/uploads\/sites\/3\/2025\/01\/photos00.png\" alt=\"Almacena tus fotos en la nube\" class=\"wp-image-1817\" srcset=\"https:\/\/www.aircluster.org\/es\/wp-content\/uploads\/sites\/3\/2025\/01\/photos00.png 750w, https:\/\/www.aircluster.org\/es\/wp-content\/uploads\/sites\/3\/2025\/01\/photos00-300x102.png 300w\" sizes=\"(max-width: 750px) 100vw, 750px\" \/><\/figure>\n\n\n\n<p>Una soluci\u00f3n eficaz para almacenar, organizar y acceder a tus im\u00e1genes es usar <a href=\"https:\/\/www.aircluster.org\/es\/pro-version\/\">Air Cluster<\/a>, una herramienta dise\u00f1ada para optimizar la gesti\u00f3n de tus fotos en la nube. Air Cluster te permite conectar y gestionar m\u00faltiples servicios de almacenamiento en la nube creando un cluster que suma todas las cuentas, proporcionando una nube de gran capacidad donde guardar tus fotos.<\/p>\n\n\n\n<figure class=\"wp-block-image size-large\"><img decoding=\"async\" width=\"1024\" height=\"591\" src=\"https:\/\/www.aircluster.org\/es\/wp-content\/uploads\/sites\/3\/2025\/01\/guardarFotos01-1024x591.png\" alt=\"Almacena tus fotos en la nube con Air Cluster\" class=\"wp-image-1808\" srcset=\"https:\/\/www.aircluster.org\/es\/wp-content\/uploads\/sites\/3\/2025\/01\/guardarFotos01-1024x591.png 1024w, https:\/\/www.aircluster.org\/es\/wp-content\/uploads\/sites\/3\/2025\/01\/guardarFotos01-300x173.png 300w, https:\/\/www.aircluster.org\/es\/wp-content\/uploads\/sites\/3\/2025\/01\/guardarFotos01-768x443.png 768w, https:\/\/www.aircluster.org\/es\/wp-content\/uploads\/sites\/3\/2025\/01\/guardarFotos01.png 1027w\" sizes=\"(max-width: 1024px) 100vw, 1024px\" \/><\/figure>\n\n\n\n<h3 class=\"wp-block-heading\">Acceso desde cualquier lugar<\/h3>\n\n\n\n<p>Al usar Air Cluster, tus fotos estar\u00e1n disponibles en cualquier dispositivo con conexi\u00f3n a internet, sin importar donde te encuentres. Esto se debe a que en el cluster de nubes creado en el programa consigues tener una capacidad mayor de almacenamiento en la nube a la que puedes subir todas tus fotos. As\u00ed, puedes acceder a todas tus im\u00e1genes desde un ordenador o port\u00e1til desde cualquier sitio con acceso a Internet y siempre tener tus archivos al alcance de la mano.<\/p>\n\n\n\n<h3 class=\"wp-block-heading\">Seguridad y respaldo<\/h3>\n\n\n\n<p>Las fotos almacenadas en la nube a trav\u00e9s de Air Cluster est\u00e1n protegidas contra la p\u00e9rdida de datos debido a fallos de hardware o accidentes con tus dispositivos personales. Air Cluster sincroniza tus fotos entre tu Pc y la nube, asegurando que siempre tengas una copia de seguridad disponible en caso de cualquier problema con tu dispositivo. <\/p>\n\n\n\n<figure class=\"wp-block-image size-large\"><img decoding=\"async\" width=\"1024\" height=\"566\" src=\"https:\/\/www.aircluster.org\/es\/wp-content\/uploads\/sites\/3\/2024\/07\/googleTransfer04-1024x566.png\" alt=\"Sincroniza entre tu ordenador y un cluster\" class=\"wp-image-1587\" srcset=\"https:\/\/www.aircluster.org\/es\/wp-content\/uploads\/sites\/3\/2024\/07\/googleTransfer04-1024x566.png 1024w, https:\/\/www.aircluster.org\/es\/wp-content\/uploads\/sites\/3\/2024\/07\/googleTransfer04-300x166.png 300w, https:\/\/www.aircluster.org\/es\/wp-content\/uploads\/sites\/3\/2024\/07\/googleTransfer04-768x424.png 768w, https:\/\/www.aircluster.org\/es\/wp-content\/uploads\/sites\/3\/2024\/07\/googleTransfer04.png 1137w\" sizes=\"(max-width: 1024px) 100vw, 1024px\" \/><\/figure>\n\n\n\n<p>El programa permite hacer sincronizaciones entre tu ordenador y un cluster o entre dos clusters.&nbsp;De esta forma, hacer copias de seguridad de tus fotos en la nube usando Air Cluster se convierte en una tarea muy sencilla.<\/p>\n\n\n\n<h3 class=\"wp-block-heading\">Ahorro de espacio<\/h3>\n\n\n\n<p>Al guardar tus fotos en la nube con Air Cluster, liberas espacio en tu dispositivo, permiti\u00e9ndote almacenar m\u00e1s aplicaciones, videos o archivos locales. Con la capacidad de sumar en un cluster diferentes cuentas de almacenamiento en la nube , puedes maximizar el uso del espacio disponible en cada servicio y evitar saturar tu dispositivo principal.<\/p>\n\n\n\n<figure class=\"wp-block-image size-large\"><img loading=\"lazy\" decoding=\"async\" width=\"1024\" height=\"573\" src=\"https:\/\/www.aircluster.org\/es\/wp-content\/uploads\/sites\/3\/2023\/12\/infinicloud02-1024x573.png\" alt=\"Crea un cluster y almacena tus fotos en la nube\" class=\"wp-image-1555\" srcset=\"https:\/\/www.aircluster.org\/es\/wp-content\/uploads\/sites\/3\/2023\/12\/infinicloud02-1024x573.png 1024w, https:\/\/www.aircluster.org\/es\/wp-content\/uploads\/sites\/3\/2023\/12\/infinicloud02-300x168.png 300w, https:\/\/www.aircluster.org\/es\/wp-content\/uploads\/sites\/3\/2023\/12\/infinicloud02-768x429.png 768w, https:\/\/www.aircluster.org\/es\/wp-content\/uploads\/sites\/3\/2023\/12\/infinicloud02.png 1166w\" sizes=\"(max-width: 1024px) 100vw, 1024px\" \/><\/figure>\n\n\n\n<h3 class=\"wp-block-heading\">Facilidad para compartir<\/h3>\n\n\n\n<p>Compartir tus fotos es muy sencillo si las tienes almacenadas en la nube con Air Cluster. Solo necesitas un enlace que puedes generar desde el programa y enviarlo por correo electr\u00f3nico, redes sociales o aplicaciones de mensajer\u00eda. Esto facilita enormemente el proceso de compartir tus archivos con amigos y familiares, sin necesidad de adjuntar grandes archivos.<\/p>\n\n\n\n<h3 class=\"wp-block-heading\">Organizaci\u00f3n<\/h3>\n\n\n\n<p>Air Cluster te permite gestionar tus fotos en la nube organiz\u00e1ndolas en carpetas y utilizando herramientas de b\u00fasqueda avanzadas. Puedes crear y mantener una estructura ordenada de tus fotos en el cluster, lo que facilita encontrar y acceder a las im\u00e1genes que buscas. Adem\u00e1s, con la herramienta de b\u00fasqueda puedes buscar todo tipo de archivos. Air Cluster busca en todas las nubes que componen el cluster. Por ejemplo, si un cluster esta compuesto por una cuenta de <a href=\"https:\/\/workspace.google.com\/products\/drive\/\">Google Drive<\/a>, otra de <a href=\"https:\/\/mega.io\/\">Mega<\/a> y otra de <a href=\"https:\/\/www.microsoft.com\/en-us\/microsoft-365\/onedrive\/online-cloud-storage\">Onedrive<\/a>, el programa mostrar\u00e1 los resultados de la b\u00fasqueda en todas esas nubes. Desde la caja de b\u00fasqueda puedes buscar por el nombre de archivo o por el tipo de archivo en el cluster que elijas.<\/p>\n\n\n\n<figure class=\"wp-block-image size-large\"><img loading=\"lazy\" decoding=\"async\" width=\"1024\" height=\"616\" src=\"https:\/\/www.aircluster.org\/es\/wp-content\/uploads\/sites\/3\/2023\/08\/duplicate_files03-1024x616.png\" alt=\"Herramienta de busqueda en la nube de Air Cluster\" class=\"wp-image-1423\" srcset=\"https:\/\/www.aircluster.org\/es\/wp-content\/uploads\/sites\/3\/2023\/08\/duplicate_files03-1024x616.png 1024w, https:\/\/www.aircluster.org\/es\/wp-content\/uploads\/sites\/3\/2023\/08\/duplicate_files03-300x180.png 300w, https:\/\/www.aircluster.org\/es\/wp-content\/uploads\/sites\/3\/2023\/08\/duplicate_files03-768x462.png 768w, https:\/\/www.aircluster.org\/es\/wp-content\/uploads\/sites\/3\/2023\/08\/duplicate_files03.png 1084w\" sizes=\"(max-width: 1024px) 100vw, 1024px\" \/><\/figure>\n\n\n\n<h3 class=\"wp-block-heading\">Conclusi\u00f3n<\/h3>\n\n\n\n<p>En conclusi\u00f3n, almacenar fotos en la nube a trav\u00e9s de Air Cluster no solo ofrece una soluci\u00f3n integral y eficiente para la gesti\u00f3n de im\u00e1genes, sino que tambi\u00e9n garantiza que tus recuerdos est\u00e9n siempre accesibles, seguros y bien organizados.<\/p>\n\n\n\n<p><strong>Tambi\u00e9n puedes consultar m\u00e1s informaci\u00f3n sobre m\u00e1s funciones aqu\u00ed:<\/strong><br><a href=\"https:\/\/www.aircluster.org\/es\/blog\/2024\/11\/22\/maximiza-tu-almacenamiento-beneficios-de-unir-cuentas-en-la-nube\/\">-Maximiza tu almacenamiento: Beneficios de unir cuentas en la nube<\/a><br><a href=\"https:\/\/www.aircluster.org\/es\/blog\/2024\/09\/10\/automatiza-tareas-con-la-linea-de-comandos\/\">-Automatiza tareas con la l\u00ednea de comandos<\/a><br><a href=\"https:\/\/www.aircluster.org\/es\/blog\/2024\/07\/11\/como-transferir-archivos-de-google-drive-a-otras-cuentas\/\">-C\u00f3mo transferir archivos de Google Drive a otras cuentas<\/a><br><\/p>\n","protected":false},"excerpt":{"rendered":"<p>Almacenar fotos en la nube se ha convertido en una soluci\u00f3n fundamental en nuestra era digital, ya que ofrece una serie de beneficios clave que responden a las necesidades como: Una soluci\u00f3n eficaz para almacenar, organizar y acceder a tus im\u00e1genes es usar Air Cluster, una herramienta dise\u00f1ada para optimizar la gesti\u00f3n de tus fotos&nbsp;&hellip;<\/p>\n","protected":false},"author":1,"featured_media":1819,"comment_status":"closed","ping_status":"closed","sticky":false,"template":"","format":"standard","meta":{"footnotes":""},"categories":[6],"tags":[102,103],"class_list":["post-1797","post","type-post","status-publish","format-standard","has-post-thumbnail","hentry","category-noticias","tag-fotos","tag-guardar-fotos-en-la-nube"],"yoast_head":"<!-- This site is optimized with the Yoast SEO plugin v27.4 - https:\/\/yoast.com\/product\/yoast-seo-wordpress\/ -->\n<title>Almacena tus fotos en la nube<\/title>\n<meta name=\"description\" content=\"Almacena tus fotos en la nube con Air Cluster, el programa que suma todas tus nubes y crea una \u00fanica nube de gran capacidad.\" \/>\n<meta name=\"robots\" content=\"index, follow, max-snippet:-1, max-image-preview:large, max-video-preview:-1\" \/>\n<link rel=\"canonical\" href=\"https:\/\/www.aircluster.org\/es\/blog\/2025\/01\/15\/almacena-tus-fotos-en-la-nube\/\" \/>\n<meta property=\"og:locale\" content=\"es_ES\" \/>\n<meta property=\"og:type\" content=\"article\" \/>\n<meta property=\"og:title\" content=\"Almacena tus fotos en la nube\" \/>\n<meta property=\"og:description\" content=\"Almacena tus fotos en la nube con Air Cluster, el programa que suma todas tus nubes y crea una \u00fanica nube de gran capacidad.\" \/>\n<meta property=\"og:url\" content=\"https:\/\/www.aircluster.org\/es\/blog\/2025\/01\/15\/almacena-tus-fotos-en-la-nube\/\" \/>\n<meta property=\"og:site_name\" content=\"Air Cluster\" \/>\n<meta property=\"article:publisher\" content=\"https:\/\/www.facebook.com\/aircluster\" \/>\n<meta property=\"article:published_time\" content=\"2025-01-15T11:47:29+00:00\" \/>\n<meta property=\"article:modified_time\" content=\"2025-03-14T12:12:44+00:00\" \/>\n<meta property=\"og:image\" content=\"https:\/\/www.aircluster.org\/es\/wp-content\/uploads\/sites\/3\/2025\/01\/1.png\" \/>\n\t<meta property=\"og:image:width\" content=\"1920\" \/>\n\t<meta property=\"og:image:height\" content=\"1080\" \/>\n\t<meta property=\"og:image:type\" content=\"image\/png\" \/>\n<meta name=\"author\" content=\"Air Cluster\" \/>\n<meta name=\"twitter:card\" content=\"summary_large_image\" \/>\n<meta name=\"twitter:label1\" content=\"Escrito por\" \/>\n\t<meta name=\"twitter:data1\" content=\"Air Cluster\" \/>\n\t<meta name=\"twitter:label2\" content=\"Tiempo de lectura\" \/>\n\t<meta name=\"twitter:data2\" content=\"5 minutos\" \/>\n<script type=\"application\/ld+json\" class=\"yoast-schema-graph\">{\"@context\":\"https:\\\/\\\/schema.org\",\"@graph\":[{\"@type\":\"Article\",\"@id\":\"https:\\\/\\\/www.aircluster.org\\\/es\\\/blog\\\/2025\\\/01\\\/15\\\/almacena-tus-fotos-en-la-nube\\\/#article\",\"isPartOf\":{\"@id\":\"https:\\\/\\\/www.aircluster.org\\\/es\\\/blog\\\/2025\\\/01\\\/15\\\/almacena-tus-fotos-en-la-nube\\\/\"},\"author\":{\"name\":\"Air Cluster\",\"@id\":\"https:\\\/\\\/www.aircluster.org\\\/es\\\/#\\\/schema\\\/person\\\/42f0b8c5ea8d2366b3906bb0fe72a39d\"},\"headline\":\"Almacena tus fotos en la nube\",\"datePublished\":\"2025-01-15T11:47:29+00:00\",\"dateModified\":\"2025-03-14T12:12:44+00:00\",\"mainEntityOfPage\":{\"@id\":\"https:\\\/\\\/www.aircluster.org\\\/es\\\/blog\\\/2025\\\/01\\\/15\\\/almacena-tus-fotos-en-la-nube\\\/\"},\"wordCount\":778,\"publisher\":{\"@id\":\"https:\\\/\\\/www.aircluster.org\\\/es\\\/#organization\"},\"image\":{\"@id\":\"https:\\\/\\\/www.aircluster.org\\\/es\\\/blog\\\/2025\\\/01\\\/15\\\/almacena-tus-fotos-en-la-nube\\\/#primaryimage\"},\"thumbnailUrl\":\"https:\\\/\\\/www.aircluster.org\\\/es\\\/wp-content\\\/uploads\\\/sites\\\/3\\\/2025\\\/01\\\/1.png\",\"keywords\":[\"fotos\",\"guardar fotos en la nube\"],\"articleSection\":[\"noticias\"],\"inLanguage\":\"es\"},{\"@type\":\"WebPage\",\"@id\":\"https:\\\/\\\/www.aircluster.org\\\/es\\\/blog\\\/2025\\\/01\\\/15\\\/almacena-tus-fotos-en-la-nube\\\/\",\"url\":\"https:\\\/\\\/www.aircluster.org\\\/es\\\/blog\\\/2025\\\/01\\\/15\\\/almacena-tus-fotos-en-la-nube\\\/\",\"name\":\"Almacena tus fotos en la nube\",\"isPartOf\":{\"@id\":\"https:\\\/\\\/www.aircluster.org\\\/es\\\/#website\"},\"primaryImageOfPage\":{\"@id\":\"https:\\\/\\\/www.aircluster.org\\\/es\\\/blog\\\/2025\\\/01\\\/15\\\/almacena-tus-fotos-en-la-nube\\\/#primaryimage\"},\"image\":{\"@id\":\"https:\\\/\\\/www.aircluster.org\\\/es\\\/blog\\\/2025\\\/01\\\/15\\\/almacena-tus-fotos-en-la-nube\\\/#primaryimage\"},\"thumbnailUrl\":\"https:\\\/\\\/www.aircluster.org\\\/es\\\/wp-content\\\/uploads\\\/sites\\\/3\\\/2025\\\/01\\\/1.png\",\"datePublished\":\"2025-01-15T11:47:29+00:00\",\"dateModified\":\"2025-03-14T12:12:44+00:00\",\"description\":\"Almacena tus fotos en la nube con Air Cluster, el programa que suma todas tus nubes y crea una \u00fanica nube de gran capacidad.\",\"breadcrumb\":{\"@id\":\"https:\\\/\\\/www.aircluster.org\\\/es\\\/blog\\\/2025\\\/01\\\/15\\\/almacena-tus-fotos-en-la-nube\\\/#breadcrumb\"},\"inLanguage\":\"es\",\"potentialAction\":[{\"@type\":\"ReadAction\",\"target\":[\"https:\\\/\\\/www.aircluster.org\\\/es\\\/blog\\\/2025\\\/01\\\/15\\\/almacena-tus-fotos-en-la-nube\\\/\"]}]},{\"@type\":\"ImageObject\",\"inLanguage\":\"es\",\"@id\":\"https:\\\/\\\/www.aircluster.org\\\/es\\\/blog\\\/2025\\\/01\\\/15\\\/almacena-tus-fotos-en-la-nube\\\/#primaryimage\",\"url\":\"https:\\\/\\\/www.aircluster.org\\\/es\\\/wp-content\\\/uploads\\\/sites\\\/3\\\/2025\\\/01\\\/1.png\",\"contentUrl\":\"https:\\\/\\\/www.aircluster.org\\\/es\\\/wp-content\\\/uploads\\\/sites\\\/3\\\/2025\\\/01\\\/1.png\",\"width\":1920,\"height\":1080},{\"@type\":\"BreadcrumbList\",\"@id\":\"https:\\\/\\\/www.aircluster.org\\\/es\\\/blog\\\/2025\\\/01\\\/15\\\/almacena-tus-fotos-en-la-nube\\\/#breadcrumb\",\"itemListElement\":[{\"@type\":\"ListItem\",\"position\":1,\"name\":\"Portada\",\"item\":\"https:\\\/\\\/www.aircluster.org\\\/es\\\/\"},{\"@type\":\"ListItem\",\"position\":2,\"name\":\"Almacena tus fotos en la nube\"}]},{\"@type\":\"WebSite\",\"@id\":\"https:\\\/\\\/www.aircluster.org\\\/es\\\/#website\",\"url\":\"https:\\\/\\\/www.aircluster.org\\\/es\\\/\",\"name\":\"Air Cluster\",\"description\":\"Suma todas tus nubes y crea una \u00fanica nube\",\"publisher\":{\"@id\":\"https:\\\/\\\/www.aircluster.org\\\/es\\\/#organization\"},\"potentialAction\":[{\"@type\":\"SearchAction\",\"target\":{\"@type\":\"EntryPoint\",\"urlTemplate\":\"https:\\\/\\\/www.aircluster.org\\\/es\\\/?s={search_term_string}\"},\"query-input\":{\"@type\":\"PropertyValueSpecification\",\"valueRequired\":true,\"valueName\":\"search_term_string\"}}],\"inLanguage\":\"es\"},{\"@type\":\"Organization\",\"@id\":\"https:\\\/\\\/www.aircluster.org\\\/es\\\/#organization\",\"name\":\"Air Cluster\",\"url\":\"https:\\\/\\\/www.aircluster.org\\\/es\\\/\",\"logo\":{\"@type\":\"ImageObject\",\"inLanguage\":\"es\",\"@id\":\"https:\\\/\\\/www.aircluster.org\\\/es\\\/#\\\/schema\\\/logo\\\/image\\\/\",\"url\":\"https:\\\/\\\/www.aircluster.org\\\/es\\\/wp-content\\\/uploads\\\/sites\\\/3\\\/2019\\\/10\\\/cropped-aircluster_logo512.png\",\"contentUrl\":\"https:\\\/\\\/www.aircluster.org\\\/es\\\/wp-content\\\/uploads\\\/sites\\\/3\\\/2019\\\/10\\\/cropped-aircluster_logo512.png\",\"width\":512,\"height\":512,\"caption\":\"Air Cluster\"},\"image\":{\"@id\":\"https:\\\/\\\/www.aircluster.org\\\/es\\\/#\\\/schema\\\/logo\\\/image\\\/\"},\"sameAs\":[\"https:\\\/\\\/www.facebook.com\\\/aircluster\"]},{\"@type\":\"Person\",\"@id\":\"https:\\\/\\\/www.aircluster.org\\\/es\\\/#\\\/schema\\\/person\\\/42f0b8c5ea8d2366b3906bb0fe72a39d\",\"name\":\"Air Cluster\",\"image\":{\"@type\":\"ImageObject\",\"inLanguage\":\"es\",\"@id\":\"https:\\\/\\\/secure.gravatar.com\\\/avatar\\\/957b22b0e9aabbb092aba55966fc90773a61e7b79b05f663a06c2e8f7d7e4315?s=96&d=mm&r=g\",\"url\":\"https:\\\/\\\/secure.gravatar.com\\\/avatar\\\/957b22b0e9aabbb092aba55966fc90773a61e7b79b05f663a06c2e8f7d7e4315?s=96&d=mm&r=g\",\"contentUrl\":\"https:\\\/\\\/secure.gravatar.com\\\/avatar\\\/957b22b0e9aabbb092aba55966fc90773a61e7b79b05f663a06c2e8f7d7e4315?s=96&d=mm&r=g\",\"caption\":\"Air Cluster\"}}]}<\/script>\n<!-- \/ Yoast SEO plugin. -->","yoast_head_json":{"title":"Almacena tus fotos en la nube","description":"Almacena tus fotos en la nube con Air Cluster, el programa que suma todas tus nubes y crea una \u00fanica nube de gran capacidad.","robots":{"index":"index","follow":"follow","max-snippet":"max-snippet:-1","max-image-preview":"max-image-preview:large","max-video-preview":"max-video-preview:-1"},"canonical":"https:\/\/www.aircluster.org\/es\/blog\/2025\/01\/15\/almacena-tus-fotos-en-la-nube\/","og_locale":"es_ES","og_type":"article","og_title":"Almacena tus fotos en la nube","og_description":"Almacena tus fotos en la nube con Air Cluster, el programa que suma todas tus nubes y crea una \u00fanica nube de gran capacidad.","og_url":"https:\/\/www.aircluster.org\/es\/blog\/2025\/01\/15\/almacena-tus-fotos-en-la-nube\/","og_site_name":"Air Cluster","article_publisher":"https:\/\/www.facebook.com\/aircluster","article_published_time":"2025-01-15T11:47:29+00:00","article_modified_time":"2025-03-14T12:12:44+00:00","og_image":[{"width":1920,"height":1080,"url":"https:\/\/www.aircluster.org\/es\/wp-content\/uploads\/sites\/3\/2025\/01\/1.png","type":"image\/png"}],"author":"Air Cluster","twitter_card":"summary_large_image","twitter_misc":{"Escrito por":"Air Cluster","Tiempo de lectura":"5 minutos"},"schema":{"@context":"https:\/\/schema.org","@graph":[{"@type":"Article","@id":"https:\/\/www.aircluster.org\/es\/blog\/2025\/01\/15\/almacena-tus-fotos-en-la-nube\/#article","isPartOf":{"@id":"https:\/\/www.aircluster.org\/es\/blog\/2025\/01\/15\/almacena-tus-fotos-en-la-nube\/"},"author":{"name":"Air Cluster","@id":"https:\/\/www.aircluster.org\/es\/#\/schema\/person\/42f0b8c5ea8d2366b3906bb0fe72a39d"},"headline":"Almacena tus fotos en la nube","datePublished":"2025-01-15T11:47:29+00:00","dateModified":"2025-03-14T12:12:44+00:00","mainEntityOfPage":{"@id":"https:\/\/www.aircluster.org\/es\/blog\/2025\/01\/15\/almacena-tus-fotos-en-la-nube\/"},"wordCount":778,"publisher":{"@id":"https:\/\/www.aircluster.org\/es\/#organization"},"image":{"@id":"https:\/\/www.aircluster.org\/es\/blog\/2025\/01\/15\/almacena-tus-fotos-en-la-nube\/#primaryimage"},"thumbnailUrl":"https:\/\/www.aircluster.org\/es\/wp-content\/uploads\/sites\/3\/2025\/01\/1.png","keywords":["fotos","guardar fotos en la nube"],"articleSection":["noticias"],"inLanguage":"es"},{"@type":"WebPage","@id":"https:\/\/www.aircluster.org\/es\/blog\/2025\/01\/15\/almacena-tus-fotos-en-la-nube\/","url":"https:\/\/www.aircluster.org\/es\/blog\/2025\/01\/15\/almacena-tus-fotos-en-la-nube\/","name":"Almacena tus fotos en la nube","isPartOf":{"@id":"https:\/\/www.aircluster.org\/es\/#website"},"primaryImageOfPage":{"@id":"https:\/\/www.aircluster.org\/es\/blog\/2025\/01\/15\/almacena-tus-fotos-en-la-nube\/#primaryimage"},"image":{"@id":"https:\/\/www.aircluster.org\/es\/blog\/2025\/01\/15\/almacena-tus-fotos-en-la-nube\/#primaryimage"},"thumbnailUrl":"https:\/\/www.aircluster.org\/es\/wp-content\/uploads\/sites\/3\/2025\/01\/1.png","datePublished":"2025-01-15T11:47:29+00:00","dateModified":"2025-03-14T12:12:44+00:00","description":"Almacena tus fotos en la nube con Air Cluster, el programa que suma todas tus nubes y crea una \u00fanica nube de gran capacidad.","breadcrumb":{"@id":"https:\/\/www.aircluster.org\/es\/blog\/2025\/01\/15\/almacena-tus-fotos-en-la-nube\/#breadcrumb"},"inLanguage":"es","potentialAction":[{"@type":"ReadAction","target":["https:\/\/www.aircluster.org\/es\/blog\/2025\/01\/15\/almacena-tus-fotos-en-la-nube\/"]}]},{"@type":"ImageObject","inLanguage":"es","@id":"https:\/\/www.aircluster.org\/es\/blog\/2025\/01\/15\/almacena-tus-fotos-en-la-nube\/#primaryimage","url":"https:\/\/www.aircluster.org\/es\/wp-content\/uploads\/sites\/3\/2025\/01\/1.png","contentUrl":"https:\/\/www.aircluster.org\/es\/wp-content\/uploads\/sites\/3\/2025\/01\/1.png","width":1920,"height":1080},{"@type":"BreadcrumbList","@id":"https:\/\/www.aircluster.org\/es\/blog\/2025\/01\/15\/almacena-tus-fotos-en-la-nube\/#breadcrumb","itemListElement":[{"@type":"ListItem","position":1,"name":"Portada","item":"https:\/\/www.aircluster.org\/es\/"},{"@type":"ListItem","position":2,"name":"Almacena tus fotos en la nube"}]},{"@type":"WebSite","@id":"https:\/\/www.aircluster.org\/es\/#website","url":"https:\/\/www.aircluster.org\/es\/","name":"Air Cluster","description":"Suma todas tus nubes y crea una \u00fanica nube","publisher":{"@id":"https:\/\/www.aircluster.org\/es\/#organization"},"potentialAction":[{"@type":"SearchAction","target":{"@type":"EntryPoint","urlTemplate":"https:\/\/www.aircluster.org\/es\/?s={search_term_string}"},"query-input":{"@type":"PropertyValueSpecification","valueRequired":true,"valueName":"search_term_string"}}],"inLanguage":"es"},{"@type":"Organization","@id":"https:\/\/www.aircluster.org\/es\/#organization","name":"Air Cluster","url":"https:\/\/www.aircluster.org\/es\/","logo":{"@type":"ImageObject","inLanguage":"es","@id":"https:\/\/www.aircluster.org\/es\/#\/schema\/logo\/image\/","url":"https:\/\/www.aircluster.org\/es\/wp-content\/uploads\/sites\/3\/2019\/10\/cropped-aircluster_logo512.png","contentUrl":"https:\/\/www.aircluster.org\/es\/wp-content\/uploads\/sites\/3\/2019\/10\/cropped-aircluster_logo512.png","width":512,"height":512,"caption":"Air Cluster"},"image":{"@id":"https:\/\/www.aircluster.org\/es\/#\/schema\/logo\/image\/"},"sameAs":["https:\/\/www.facebook.com\/aircluster"]},{"@type":"Person","@id":"https:\/\/www.aircluster.org\/es\/#\/schema\/person\/42f0b8c5ea8d2366b3906bb0fe72a39d","name":"Air Cluster","image":{"@type":"ImageObject","inLanguage":"es","@id":"https:\/\/secure.gravatar.com\/avatar\/957b22b0e9aabbb092aba55966fc90773a61e7b79b05f663a06c2e8f7d7e4315?s=96&d=mm&r=g","url":"https:\/\/secure.gravatar.com\/avatar\/957b22b0e9aabbb092aba55966fc90773a61e7b79b05f663a06c2e8f7d7e4315?s=96&d=mm&r=g","contentUrl":"https:\/\/secure.gravatar.com\/avatar\/957b22b0e9aabbb092aba55966fc90773a61e7b79b05f663a06c2e8f7d7e4315?s=96&d=mm&r=g","caption":"Air Cluster"}}]}},"_links":{"self":[{"href":"https:\/\/www.aircluster.org\/es\/wp-json\/wp\/v2\/posts\/1797","targetHints":{"allow":["GET"]}}],"collection":[{"href":"https:\/\/www.aircluster.org\/es\/wp-json\/wp\/v2\/posts"}],"about":[{"href":"https:\/\/www.aircluster.org\/es\/wp-json\/wp\/v2\/types\/post"}],"author":[{"embeddable":true,"href":"https:\/\/www.aircluster.org\/es\/wp-json\/wp\/v2\/users\/1"}],"replies":[{"embeddable":true,"href":"https:\/\/www.aircluster.org\/es\/wp-json\/wp\/v2\/comments?post=1797"}],"version-history":[{"count":18,"href":"https:\/\/www.aircluster.org\/es\/wp-json\/wp\/v2\/posts\/1797\/revisions"}],"predecessor-version":[{"id":1818,"href":"https:\/\/www.aircluster.org\/es\/wp-json\/wp\/v2\/posts\/1797\/revisions\/1818"}],"wp:featuredmedia":[{"embeddable":true,"href":"https:\/\/www.aircluster.org\/es\/wp-json\/wp\/v2\/media\/1819"}],"wp:attachment":[{"href":"https:\/\/www.aircluster.org\/es\/wp-json\/wp\/v2\/media?parent=1797"}],"wp:term":[{"taxonomy":"category","embeddable":true,"href":"https:\/\/www.aircluster.org\/es\/wp-json\/wp\/v2\/categories?post=1797"},{"taxonomy":"post_tag","embeddable":true,"href":"https:\/\/www.aircluster.org\/es\/wp-json\/wp\/v2\/tags?post=1797"}],"curies":[{"name":"wp","href":"https:\/\/api.w.org\/{rel}","templated":true}]}}