{"id":1115,"date":"2022-05-04T09:53:34","date_gmt":"2022-05-04T08:53:34","guid":{"rendered":"https:\/\/www.aircluster.org\/es\/?p=1115"},"modified":"2024-10-18T20:11:22","modified_gmt":"2024-10-18T19:11:22","slug":"protege-tus-nubes-anadiendo-una-contrasena-para-iniciar-air-cluster","status":"publish","type":"post","link":"https:\/\/www.aircluster.org\/es\/blog\/2022\/05\/04\/protege-tus-nubes-anadiendo-una-contrasena-para-iniciar-air-cluster\/","title":{"rendered":"Protege tus nubes a\u00f1adiendo una contrase\u00f1a para iniciar Air Cluster"},"content":{"rendered":"\n<p>Air Cluster te permite crear clusters donde se suman todas las nubes que quieras. Cuando creas un cluster, puedes a\u00f1adir las cuentas de las nubes que desees. Por ejemplo, puedes hacer un cluster con todas las cuentas de Mega o de Onedrive que tengas. O, puedes mezclar las cuentas de la nubes y hacer un cluster con varias cuentas de diferentes nubes. <\/p>\n\n\n\n<p>Al sumar cuentas de las nubes consigues un cluster de gran capacidad de almacenaje donde puedes guardar todos tus archivos, fotos y v\u00eddeos o hacer copias de seguridad de tus discos o dispositivos. Para proteger el acceso a tus nubes, puedes a\u00f1adir una contrase\u00f1a para iniciar Air Cluster.<\/p>\n\n\n\n<p>Desde la ventana de Configuraci\u00f3n del disco, se crea el cluster y se a\u00f1aden las cuentas de las nubes. Una vez has a\u00f1adido las cuentas al cluster podr\u00e1s ver cuando espacio libre tienes para almacenar tus archivos. Adem\u00e1s desde esta ventana puedes acceder a \u00abOpciones\u00bb donde se podr\u00e1 establecer una contrase\u00f1a para entrar a Air Cluster.<\/p>\n\n\n\n<figure class=\"wp-block-image size-large\"><img fetchpriority=\"high\" decoding=\"async\" width=\"1024\" height=\"611\" src=\"https:\/\/www.aircluster.org\/es\/wp-content\/uploads\/sites\/3\/2022\/05\/password01-1024x611.png\" alt=\"A\u00f1ade tus nubes a Air Cluster y configura tu cluster\" class=\"wp-image-1123\" srcset=\"https:\/\/www.aircluster.org\/es\/wp-content\/uploads\/sites\/3\/2022\/05\/password01-1024x611.png 1024w, https:\/\/www.aircluster.org\/es\/wp-content\/uploads\/sites\/3\/2022\/05\/password01-300x179.png 300w, https:\/\/www.aircluster.org\/es\/wp-content\/uploads\/sites\/3\/2022\/05\/password01-768x458.png 768w, https:\/\/www.aircluster.org\/es\/wp-content\/uploads\/sites\/3\/2022\/05\/password01.png 1093w\" sizes=\"(max-width: 1024px) 100vw, 1024px\" \/><\/figure>\n\n\n\n<p>Desde la ventana de Opciones, tienes que marcar \u00ab<strong>Solicitar una contrase\u00f1a cuando se inicie Air Cluster<\/strong>\u00bb y escribe cual va a ser la contrase\u00f1a de seguridad. La siguiente vez que abras el programa, te pedir\u00e1 que escribas la contrase\u00f1a.<\/p>\n\n\n\n<figure class=\"wp-block-image size-large\"><img decoding=\"async\" width=\"1024\" height=\"611\" src=\"https:\/\/www.aircluster.org\/es\/wp-content\/uploads\/sites\/3\/2022\/05\/password02-1024x611.png\" alt=\"Protege tus nubes a\u00f1adiendo una contrase\u00f1a para iniciar Air Cluster\" class=\"wp-image-1124\" srcset=\"https:\/\/www.aircluster.org\/es\/wp-content\/uploads\/sites\/3\/2022\/05\/password02-1024x611.png 1024w, https:\/\/www.aircluster.org\/es\/wp-content\/uploads\/sites\/3\/2022\/05\/password02-300x179.png 300w, https:\/\/www.aircluster.org\/es\/wp-content\/uploads\/sites\/3\/2022\/05\/password02-768x458.png 768w, https:\/\/www.aircluster.org\/es\/wp-content\/uploads\/sites\/3\/2022\/05\/password02.png 1093w\" sizes=\"(max-width: 1024px) 100vw, 1024px\" \/><\/figure>\n\n\n\n<p>Una vez entras en Air Cluster, podr\u00e1s conectar tu cluster y acceder a la nube y subir los archivos que quieras guardar en la nube. Tambi\u00e9n podr\u00e1s gestionar los archivos, crear nuevas carpetas o compartir enlaces.<\/p>\n\n\n\n<figure class=\"wp-block-image size-large\"><img decoding=\"async\" width=\"1024\" height=\"611\" src=\"https:\/\/www.aircluster.org\/es\/wp-content\/uploads\/sites\/3\/2022\/05\/writepolicy03-1-1024x611.png\" alt=\"Conecta tu cluster y accede a la nube con Air Cluster\" class=\"wp-image-1122\" srcset=\"https:\/\/www.aircluster.org\/es\/wp-content\/uploads\/sites\/3\/2022\/05\/writepolicy03-1-1024x611.png 1024w, https:\/\/www.aircluster.org\/es\/wp-content\/uploads\/sites\/3\/2022\/05\/writepolicy03-1-300x179.png 300w, https:\/\/www.aircluster.org\/es\/wp-content\/uploads\/sites\/3\/2022\/05\/writepolicy03-1-768x458.png 768w, https:\/\/www.aircluster.org\/es\/wp-content\/uploads\/sites\/3\/2022\/05\/writepolicy03-1.png 1093w\" sizes=\"(max-width: 1024px) 100vw, 1024px\" \/><\/figure>\n\n\n\n<p><strong>Tambi\u00e9n puedes consultar m\u00e1s informaci\u00f3n sobre m\u00e1s funciones aqu\u00ed:<\/strong><br><a href=\"https:\/\/www.aircluster.org\/es\/blog\/2021\/12\/07\/edita-tus-archivos-en-la-nube\/\">-Edita tus archivos en la nube<\/a><br><a href=\"https:\/\/www.aircluster.org\/es\/blog\/2021\/09\/23\/como-subir-archivos-o-carpetas-a-la-nube\/\">-C\u00f3mo subir archivos o carpetas a la nube<\/a><br><a href=\"https:\/\/www.aircluster.org\/es\/blog\/2021\/08\/02\/reproduce-tus-videos-directamente-desde-la-nube\/\">-Reproduce tus v\u00eddeos directamente desde la nube<\/a><br><\/p>\n","protected":false},"excerpt":{"rendered":"<p>Air Cluster te permite crear clusters donde se suman todas las nubes que quieras. Cuando creas un cluster, puedes a\u00f1adir las cuentas de las nubes que desees. Por ejemplo, puedes hacer un cluster con todas las cuentas de Mega o de Onedrive que tengas. O, puedes mezclar las cuentas de la nubes y hacer un&nbsp;&hellip;<\/p>\n","protected":false},"author":1,"featured_media":1142,"comment_status":"open","ping_status":"closed","sticky":false,"template":"","format":"standard","meta":{"footnotes":""},"categories":[12],"tags":[65],"class_list":["post-1115","post","type-post","status-publish","format-standard","has-post-thumbnail","hentry","category-manual","tag-contrasena"],"yoast_head":"<!-- This site is optimized with the Yoast SEO plugin v27.4 - https:\/\/yoast.com\/product\/yoast-seo-wordpress\/ -->\n<title>Protege tus nubes a\u00f1adiendo una contrase\u00f1a para iniciar Air Cluster<\/title>\n<meta name=\"description\" content=\"Protege tus nubes a\u00f1adiendo una contrase\u00f1a para iniciar Air Cluster, la aplicaci\u00f3n que suma todas tus nubes y crea una \u00fanica nube.\" \/>\n<meta name=\"robots\" content=\"index, follow, max-snippet:-1, max-image-preview:large, max-video-preview:-1\" \/>\n<link rel=\"canonical\" href=\"https:\/\/www.aircluster.org\/es\/blog\/2022\/05\/04\/protege-tus-nubes-anadiendo-una-contrasena-para-iniciar-air-cluster\/\" \/>\n<meta property=\"og:locale\" content=\"es_ES\" \/>\n<meta property=\"og:type\" content=\"article\" \/>\n<meta property=\"og:title\" content=\"Protege tus nubes a\u00f1adiendo una contrase\u00f1a para iniciar Air Cluster\" \/>\n<meta property=\"og:description\" content=\"Protege tus nubes a\u00f1adiendo una contrase\u00f1a para iniciar Air Cluster, la aplicaci\u00f3n que suma todas tus nubes y crea una \u00fanica nube.\" \/>\n<meta property=\"og:url\" content=\"https:\/\/www.aircluster.org\/es\/blog\/2022\/05\/04\/protege-tus-nubes-anadiendo-una-contrasena-para-iniciar-air-cluster\/\" \/>\n<meta property=\"og:site_name\" content=\"Air Cluster\" \/>\n<meta property=\"article:publisher\" content=\"https:\/\/www.facebook.com\/aircluster\" \/>\n<meta property=\"article:published_time\" content=\"2022-05-04T08:53:34+00:00\" \/>\n<meta property=\"article:modified_time\" content=\"2024-10-18T19:11:22+00:00\" \/>\n<meta property=\"og:image\" content=\"https:\/\/www.aircluster.org\/es\/wp-content\/uploads\/sites\/3\/2022\/05\/1.png\" \/>\n\t<meta property=\"og:image:width\" content=\"1920\" \/>\n\t<meta property=\"og:image:height\" content=\"1080\" \/>\n\t<meta property=\"og:image:type\" content=\"image\/png\" \/>\n<meta name=\"author\" content=\"Air Cluster\" \/>\n<meta name=\"twitter:card\" content=\"summary_large_image\" \/>\n<meta name=\"twitter:label1\" content=\"Escrito por\" \/>\n\t<meta name=\"twitter:data1\" content=\"Air Cluster\" \/>\n\t<meta name=\"twitter:label2\" content=\"Tiempo de lectura\" \/>\n\t<meta name=\"twitter:data2\" content=\"3 minutos\" \/>\n<script type=\"application\/ld+json\" class=\"yoast-schema-graph\">{\"@context\":\"https:\\\/\\\/schema.org\",\"@graph\":[{\"@type\":\"Article\",\"@id\":\"https:\\\/\\\/www.aircluster.org\\\/es\\\/blog\\\/2022\\\/05\\\/04\\\/protege-tus-nubes-anadiendo-una-contrasena-para-iniciar-air-cluster\\\/#article\",\"isPartOf\":{\"@id\":\"https:\\\/\\\/www.aircluster.org\\\/es\\\/blog\\\/2022\\\/05\\\/04\\\/protege-tus-nubes-anadiendo-una-contrasena-para-iniciar-air-cluster\\\/\"},\"author\":{\"name\":\"Air Cluster\",\"@id\":\"https:\\\/\\\/www.aircluster.org\\\/es\\\/#\\\/schema\\\/person\\\/42f0b8c5ea8d2366b3906bb0fe72a39d\"},\"headline\":\"Protege tus nubes a\u00f1adiendo una contrase\u00f1a para iniciar Air Cluster\",\"datePublished\":\"2022-05-04T08:53:34+00:00\",\"dateModified\":\"2024-10-18T19:11:22+00:00\",\"mainEntityOfPage\":{\"@id\":\"https:\\\/\\\/www.aircluster.org\\\/es\\\/blog\\\/2022\\\/05\\\/04\\\/protege-tus-nubes-anadiendo-una-contrasena-para-iniciar-air-cluster\\\/\"},\"wordCount\":305,\"commentCount\":0,\"publisher\":{\"@id\":\"https:\\\/\\\/www.aircluster.org\\\/es\\\/#organization\"},\"image\":{\"@id\":\"https:\\\/\\\/www.aircluster.org\\\/es\\\/blog\\\/2022\\\/05\\\/04\\\/protege-tus-nubes-anadiendo-una-contrasena-para-iniciar-air-cluster\\\/#primaryimage\"},\"thumbnailUrl\":\"https:\\\/\\\/www.aircluster.org\\\/es\\\/wp-content\\\/uploads\\\/sites\\\/3\\\/2022\\\/05\\\/1.png\",\"keywords\":[\"contrase\u00f1a\"],\"articleSection\":[\"manual\"],\"inLanguage\":\"es\",\"potentialAction\":[{\"@type\":\"CommentAction\",\"name\":\"Comment\",\"target\":[\"https:\\\/\\\/www.aircluster.org\\\/es\\\/blog\\\/2022\\\/05\\\/04\\\/protege-tus-nubes-anadiendo-una-contrasena-para-iniciar-air-cluster\\\/#respond\"]}]},{\"@type\":\"WebPage\",\"@id\":\"https:\\\/\\\/www.aircluster.org\\\/es\\\/blog\\\/2022\\\/05\\\/04\\\/protege-tus-nubes-anadiendo-una-contrasena-para-iniciar-air-cluster\\\/\",\"url\":\"https:\\\/\\\/www.aircluster.org\\\/es\\\/blog\\\/2022\\\/05\\\/04\\\/protege-tus-nubes-anadiendo-una-contrasena-para-iniciar-air-cluster\\\/\",\"name\":\"Protege tus nubes a\u00f1adiendo una contrase\u00f1a para iniciar Air Cluster\",\"isPartOf\":{\"@id\":\"https:\\\/\\\/www.aircluster.org\\\/es\\\/#website\"},\"primaryImageOfPage\":{\"@id\":\"https:\\\/\\\/www.aircluster.org\\\/es\\\/blog\\\/2022\\\/05\\\/04\\\/protege-tus-nubes-anadiendo-una-contrasena-para-iniciar-air-cluster\\\/#primaryimage\"},\"image\":{\"@id\":\"https:\\\/\\\/www.aircluster.org\\\/es\\\/blog\\\/2022\\\/05\\\/04\\\/protege-tus-nubes-anadiendo-una-contrasena-para-iniciar-air-cluster\\\/#primaryimage\"},\"thumbnailUrl\":\"https:\\\/\\\/www.aircluster.org\\\/es\\\/wp-content\\\/uploads\\\/sites\\\/3\\\/2022\\\/05\\\/1.png\",\"datePublished\":\"2022-05-04T08:53:34+00:00\",\"dateModified\":\"2024-10-18T19:11:22+00:00\",\"description\":\"Protege tus nubes a\u00f1adiendo una contrase\u00f1a para iniciar Air Cluster, la aplicaci\u00f3n que suma todas tus nubes y crea una \u00fanica nube.\",\"breadcrumb\":{\"@id\":\"https:\\\/\\\/www.aircluster.org\\\/es\\\/blog\\\/2022\\\/05\\\/04\\\/protege-tus-nubes-anadiendo-una-contrasena-para-iniciar-air-cluster\\\/#breadcrumb\"},\"inLanguage\":\"es\",\"potentialAction\":[{\"@type\":\"ReadAction\",\"target\":[\"https:\\\/\\\/www.aircluster.org\\\/es\\\/blog\\\/2022\\\/05\\\/04\\\/protege-tus-nubes-anadiendo-una-contrasena-para-iniciar-air-cluster\\\/\"]}]},{\"@type\":\"ImageObject\",\"inLanguage\":\"es\",\"@id\":\"https:\\\/\\\/www.aircluster.org\\\/es\\\/blog\\\/2022\\\/05\\\/04\\\/protege-tus-nubes-anadiendo-una-contrasena-para-iniciar-air-cluster\\\/#primaryimage\",\"url\":\"https:\\\/\\\/www.aircluster.org\\\/es\\\/wp-content\\\/uploads\\\/sites\\\/3\\\/2022\\\/05\\\/1.png\",\"contentUrl\":\"https:\\\/\\\/www.aircluster.org\\\/es\\\/wp-content\\\/uploads\\\/sites\\\/3\\\/2022\\\/05\\\/1.png\",\"width\":1920,\"height\":1080},{\"@type\":\"BreadcrumbList\",\"@id\":\"https:\\\/\\\/www.aircluster.org\\\/es\\\/blog\\\/2022\\\/05\\\/04\\\/protege-tus-nubes-anadiendo-una-contrasena-para-iniciar-air-cluster\\\/#breadcrumb\",\"itemListElement\":[{\"@type\":\"ListItem\",\"position\":1,\"name\":\"Portada\",\"item\":\"https:\\\/\\\/www.aircluster.org\\\/es\\\/\"},{\"@type\":\"ListItem\",\"position\":2,\"name\":\"Protege tus nubes a\u00f1adiendo una contrase\u00f1a para iniciar Air Cluster\"}]},{\"@type\":\"WebSite\",\"@id\":\"https:\\\/\\\/www.aircluster.org\\\/es\\\/#website\",\"url\":\"https:\\\/\\\/www.aircluster.org\\\/es\\\/\",\"name\":\"Air Cluster\",\"description\":\"Suma todas tus nubes y crea una \u00fanica nube\",\"publisher\":{\"@id\":\"https:\\\/\\\/www.aircluster.org\\\/es\\\/#organization\"},\"potentialAction\":[{\"@type\":\"SearchAction\",\"target\":{\"@type\":\"EntryPoint\",\"urlTemplate\":\"https:\\\/\\\/www.aircluster.org\\\/es\\\/?s={search_term_string}\"},\"query-input\":{\"@type\":\"PropertyValueSpecification\",\"valueRequired\":true,\"valueName\":\"search_term_string\"}}],\"inLanguage\":\"es\"},{\"@type\":\"Organization\",\"@id\":\"https:\\\/\\\/www.aircluster.org\\\/es\\\/#organization\",\"name\":\"Air Cluster\",\"url\":\"https:\\\/\\\/www.aircluster.org\\\/es\\\/\",\"logo\":{\"@type\":\"ImageObject\",\"inLanguage\":\"es\",\"@id\":\"https:\\\/\\\/www.aircluster.org\\\/es\\\/#\\\/schema\\\/logo\\\/image\\\/\",\"url\":\"https:\\\/\\\/www.aircluster.org\\\/es\\\/wp-content\\\/uploads\\\/sites\\\/3\\\/2019\\\/10\\\/cropped-aircluster_logo512.png\",\"contentUrl\":\"https:\\\/\\\/www.aircluster.org\\\/es\\\/wp-content\\\/uploads\\\/sites\\\/3\\\/2019\\\/10\\\/cropped-aircluster_logo512.png\",\"width\":512,\"height\":512,\"caption\":\"Air Cluster\"},\"image\":{\"@id\":\"https:\\\/\\\/www.aircluster.org\\\/es\\\/#\\\/schema\\\/logo\\\/image\\\/\"},\"sameAs\":[\"https:\\\/\\\/www.facebook.com\\\/aircluster\"]},{\"@type\":\"Person\",\"@id\":\"https:\\\/\\\/www.aircluster.org\\\/es\\\/#\\\/schema\\\/person\\\/42f0b8c5ea8d2366b3906bb0fe72a39d\",\"name\":\"Air Cluster\",\"image\":{\"@type\":\"ImageObject\",\"inLanguage\":\"es\",\"@id\":\"https:\\\/\\\/secure.gravatar.com\\\/avatar\\\/957b22b0e9aabbb092aba55966fc90773a61e7b79b05f663a06c2e8f7d7e4315?s=96&d=mm&r=g\",\"url\":\"https:\\\/\\\/secure.gravatar.com\\\/avatar\\\/957b22b0e9aabbb092aba55966fc90773a61e7b79b05f663a06c2e8f7d7e4315?s=96&d=mm&r=g\",\"contentUrl\":\"https:\\\/\\\/secure.gravatar.com\\\/avatar\\\/957b22b0e9aabbb092aba55966fc90773a61e7b79b05f663a06c2e8f7d7e4315?s=96&d=mm&r=g\",\"caption\":\"Air Cluster\"}}]}<\/script>\n<!-- \/ Yoast SEO plugin. -->","yoast_head_json":{"title":"Protege tus nubes a\u00f1adiendo una contrase\u00f1a para iniciar Air Cluster","description":"Protege tus nubes a\u00f1adiendo una contrase\u00f1a para iniciar Air Cluster, la aplicaci\u00f3n que suma todas tus nubes y crea una \u00fanica nube.","robots":{"index":"index","follow":"follow","max-snippet":"max-snippet:-1","max-image-preview":"max-image-preview:large","max-video-preview":"max-video-preview:-1"},"canonical":"https:\/\/www.aircluster.org\/es\/blog\/2022\/05\/04\/protege-tus-nubes-anadiendo-una-contrasena-para-iniciar-air-cluster\/","og_locale":"es_ES","og_type":"article","og_title":"Protege tus nubes a\u00f1adiendo una contrase\u00f1a para iniciar Air Cluster","og_description":"Protege tus nubes a\u00f1adiendo una contrase\u00f1a para iniciar Air Cluster, la aplicaci\u00f3n que suma todas tus nubes y crea una \u00fanica nube.","og_url":"https:\/\/www.aircluster.org\/es\/blog\/2022\/05\/04\/protege-tus-nubes-anadiendo-una-contrasena-para-iniciar-air-cluster\/","og_site_name":"Air Cluster","article_publisher":"https:\/\/www.facebook.com\/aircluster","article_published_time":"2022-05-04T08:53:34+00:00","article_modified_time":"2024-10-18T19:11:22+00:00","og_image":[{"width":1920,"height":1080,"url":"https:\/\/www.aircluster.org\/es\/wp-content\/uploads\/sites\/3\/2022\/05\/1.png","type":"image\/png"}],"author":"Air Cluster","twitter_card":"summary_large_image","twitter_misc":{"Escrito por":"Air Cluster","Tiempo de lectura":"3 minutos"},"schema":{"@context":"https:\/\/schema.org","@graph":[{"@type":"Article","@id":"https:\/\/www.aircluster.org\/es\/blog\/2022\/05\/04\/protege-tus-nubes-anadiendo-una-contrasena-para-iniciar-air-cluster\/#article","isPartOf":{"@id":"https:\/\/www.aircluster.org\/es\/blog\/2022\/05\/04\/protege-tus-nubes-anadiendo-una-contrasena-para-iniciar-air-cluster\/"},"author":{"name":"Air Cluster","@id":"https:\/\/www.aircluster.org\/es\/#\/schema\/person\/42f0b8c5ea8d2366b3906bb0fe72a39d"},"headline":"Protege tus nubes a\u00f1adiendo una contrase\u00f1a para iniciar Air Cluster","datePublished":"2022-05-04T08:53:34+00:00","dateModified":"2024-10-18T19:11:22+00:00","mainEntityOfPage":{"@id":"https:\/\/www.aircluster.org\/es\/blog\/2022\/05\/04\/protege-tus-nubes-anadiendo-una-contrasena-para-iniciar-air-cluster\/"},"wordCount":305,"commentCount":0,"publisher":{"@id":"https:\/\/www.aircluster.org\/es\/#organization"},"image":{"@id":"https:\/\/www.aircluster.org\/es\/blog\/2022\/05\/04\/protege-tus-nubes-anadiendo-una-contrasena-para-iniciar-air-cluster\/#primaryimage"},"thumbnailUrl":"https:\/\/www.aircluster.org\/es\/wp-content\/uploads\/sites\/3\/2022\/05\/1.png","keywords":["contrase\u00f1a"],"articleSection":["manual"],"inLanguage":"es","potentialAction":[{"@type":"CommentAction","name":"Comment","target":["https:\/\/www.aircluster.org\/es\/blog\/2022\/05\/04\/protege-tus-nubes-anadiendo-una-contrasena-para-iniciar-air-cluster\/#respond"]}]},{"@type":"WebPage","@id":"https:\/\/www.aircluster.org\/es\/blog\/2022\/05\/04\/protege-tus-nubes-anadiendo-una-contrasena-para-iniciar-air-cluster\/","url":"https:\/\/www.aircluster.org\/es\/blog\/2022\/05\/04\/protege-tus-nubes-anadiendo-una-contrasena-para-iniciar-air-cluster\/","name":"Protege tus nubes a\u00f1adiendo una contrase\u00f1a para iniciar Air Cluster","isPartOf":{"@id":"https:\/\/www.aircluster.org\/es\/#website"},"primaryImageOfPage":{"@id":"https:\/\/www.aircluster.org\/es\/blog\/2022\/05\/04\/protege-tus-nubes-anadiendo-una-contrasena-para-iniciar-air-cluster\/#primaryimage"},"image":{"@id":"https:\/\/www.aircluster.org\/es\/blog\/2022\/05\/04\/protege-tus-nubes-anadiendo-una-contrasena-para-iniciar-air-cluster\/#primaryimage"},"thumbnailUrl":"https:\/\/www.aircluster.org\/es\/wp-content\/uploads\/sites\/3\/2022\/05\/1.png","datePublished":"2022-05-04T08:53:34+00:00","dateModified":"2024-10-18T19:11:22+00:00","description":"Protege tus nubes a\u00f1adiendo una contrase\u00f1a para iniciar Air Cluster, la aplicaci\u00f3n que suma todas tus nubes y crea una \u00fanica nube.","breadcrumb":{"@id":"https:\/\/www.aircluster.org\/es\/blog\/2022\/05\/04\/protege-tus-nubes-anadiendo-una-contrasena-para-iniciar-air-cluster\/#breadcrumb"},"inLanguage":"es","potentialAction":[{"@type":"ReadAction","target":["https:\/\/www.aircluster.org\/es\/blog\/2022\/05\/04\/protege-tus-nubes-anadiendo-una-contrasena-para-iniciar-air-cluster\/"]}]},{"@type":"ImageObject","inLanguage":"es","@id":"https:\/\/www.aircluster.org\/es\/blog\/2022\/05\/04\/protege-tus-nubes-anadiendo-una-contrasena-para-iniciar-air-cluster\/#primaryimage","url":"https:\/\/www.aircluster.org\/es\/wp-content\/uploads\/sites\/3\/2022\/05\/1.png","contentUrl":"https:\/\/www.aircluster.org\/es\/wp-content\/uploads\/sites\/3\/2022\/05\/1.png","width":1920,"height":1080},{"@type":"BreadcrumbList","@id":"https:\/\/www.aircluster.org\/es\/blog\/2022\/05\/04\/protege-tus-nubes-anadiendo-una-contrasena-para-iniciar-air-cluster\/#breadcrumb","itemListElement":[{"@type":"ListItem","position":1,"name":"Portada","item":"https:\/\/www.aircluster.org\/es\/"},{"@type":"ListItem","position":2,"name":"Protege tus nubes a\u00f1adiendo una contrase\u00f1a para iniciar Air Cluster"}]},{"@type":"WebSite","@id":"https:\/\/www.aircluster.org\/es\/#website","url":"https:\/\/www.aircluster.org\/es\/","name":"Air Cluster","description":"Suma todas tus nubes y crea una \u00fanica nube","publisher":{"@id":"https:\/\/www.aircluster.org\/es\/#organization"},"potentialAction":[{"@type":"SearchAction","target":{"@type":"EntryPoint","urlTemplate":"https:\/\/www.aircluster.org\/es\/?s={search_term_string}"},"query-input":{"@type":"PropertyValueSpecification","valueRequired":true,"valueName":"search_term_string"}}],"inLanguage":"es"},{"@type":"Organization","@id":"https:\/\/www.aircluster.org\/es\/#organization","name":"Air Cluster","url":"https:\/\/www.aircluster.org\/es\/","logo":{"@type":"ImageObject","inLanguage":"es","@id":"https:\/\/www.aircluster.org\/es\/#\/schema\/logo\/image\/","url":"https:\/\/www.aircluster.org\/es\/wp-content\/uploads\/sites\/3\/2019\/10\/cropped-aircluster_logo512.png","contentUrl":"https:\/\/www.aircluster.org\/es\/wp-content\/uploads\/sites\/3\/2019\/10\/cropped-aircluster_logo512.png","width":512,"height":512,"caption":"Air Cluster"},"image":{"@id":"https:\/\/www.aircluster.org\/es\/#\/schema\/logo\/image\/"},"sameAs":["https:\/\/www.facebook.com\/aircluster"]},{"@type":"Person","@id":"https:\/\/www.aircluster.org\/es\/#\/schema\/person\/42f0b8c5ea8d2366b3906bb0fe72a39d","name":"Air Cluster","image":{"@type":"ImageObject","inLanguage":"es","@id":"https:\/\/secure.gravatar.com\/avatar\/957b22b0e9aabbb092aba55966fc90773a61e7b79b05f663a06c2e8f7d7e4315?s=96&d=mm&r=g","url":"https:\/\/secure.gravatar.com\/avatar\/957b22b0e9aabbb092aba55966fc90773a61e7b79b05f663a06c2e8f7d7e4315?s=96&d=mm&r=g","contentUrl":"https:\/\/secure.gravatar.com\/avatar\/957b22b0e9aabbb092aba55966fc90773a61e7b79b05f663a06c2e8f7d7e4315?s=96&d=mm&r=g","caption":"Air Cluster"}}]}},"_links":{"self":[{"href":"https:\/\/www.aircluster.org\/es\/wp-json\/wp\/v2\/posts\/1115","targetHints":{"allow":["GET"]}}],"collection":[{"href":"https:\/\/www.aircluster.org\/es\/wp-json\/wp\/v2\/posts"}],"about":[{"href":"https:\/\/www.aircluster.org\/es\/wp-json\/wp\/v2\/types\/post"}],"author":[{"embeddable":true,"href":"https:\/\/www.aircluster.org\/es\/wp-json\/wp\/v2\/users\/1"}],"replies":[{"embeddable":true,"href":"https:\/\/www.aircluster.org\/es\/wp-json\/wp\/v2\/comments?post=1115"}],"version-history":[{"count":10,"href":"https:\/\/www.aircluster.org\/es\/wp-json\/wp\/v2\/posts\/1115\/revisions"}],"predecessor-version":[{"id":1711,"href":"https:\/\/www.aircluster.org\/es\/wp-json\/wp\/v2\/posts\/1115\/revisions\/1711"}],"wp:featuredmedia":[{"embeddable":true,"href":"https:\/\/www.aircluster.org\/es\/wp-json\/wp\/v2\/media\/1142"}],"wp:attachment":[{"href":"https:\/\/www.aircluster.org\/es\/wp-json\/wp\/v2\/media?parent=1115"}],"wp:term":[{"taxonomy":"category","embeddable":true,"href":"https:\/\/www.aircluster.org\/es\/wp-json\/wp\/v2\/categories?post=1115"},{"taxonomy":"post_tag","embeddable":true,"href":"https:\/\/www.aircluster.org\/es\/wp-json\/wp\/v2\/tags?post=1115"}],"curies":[{"name":"wp","href":"https:\/\/api.w.org\/{rel}","templated":true}]}}